{"id":5003,"date":"2013-12-24T10:04:33","date_gmt":"2013-12-24T09:04:33","guid":{"rendered":"http:\/\/www.olejacobsen.dk\/?p=5003"},"modified":"2013-12-24T10:05:17","modified_gmt":"2013-12-24T09:05:17","slug":"den-lille-pige-med-svovlstikkerne-skraldespandene","status":"publish","type":"post","link":"https:\/\/www.olejacobsen.dk\/index.php\/2013\/12\/den-lille-pige-med-svovlstikkerne-skraldespandene\/","title":{"rendered":"&#8220;Den lille pige med svovlstikkerne.. (skraldespandene!)&#8221;"},"content":{"rendered":"<figure id=\"attachment_2410\" aria-describedby=\"caption-attachment-2410\" style=\"width: 600px\" class=\"wp-caption alignnone\"><a href=\"http:\/\/www.olejacobsen.dk\/wp-content\/uploads\/2012\/11\/DSCN5595.jpg\"><img loading=\"lazy\" decoding=\"async\" class=\"size-large wp-image-2410\" alt=\"I dag kommer b\u00f8rneb\u00f8rnene p\u00e5 bes\u00f8g..Allerede lidt julepynt? Meget lidt!\" src=\"http:\/\/www.olejacobsen.dk\/wp-content\/uploads\/2012\/11\/DSCN5595-1024x768.jpg\" width=\"600\" height=\"450\" srcset=\"https:\/\/www.olejacobsen.dk\/wp-content\/uploads\/2012\/11\/DSCN5595-1024x768.jpg 1024w, https:\/\/www.olejacobsen.dk\/wp-content\/uploads\/2012\/11\/DSCN5595-300x225.jpg 300w\" sizes=\"auto, (max-width: 600px) 100vw, 600px\" \/><\/a><figcaption id=\"caption-attachment-2410\" class=\"wp-caption-text\">&#8220;Den lille pige med svovlstikkerne&#8221; solgte t\u00e6ndstikker &#8211;\u00a0ikke lys!<\/figcaption><\/figure>\n<p>Den lokale avis Jydske Vestkysten berettede den 23. 12. om en pige p\u00e5 17 \u00e5r, der passer sin syge mor &#8211; g\u00e5r i gymnasiet &#8211; t\u00f8mmer skraldespande ved supermarkeder om aftenen for at finde mad osv. osv. Historien ber\u00f8rte sikkert de fleste, der l\u00e6ste den til ende.<\/p>\n<p>Det var h\u00e5rd l\u00e6sning i en tid, hvor Danmark sender millioner til hj\u00e6lp i udlandet.<\/p>\n<p>I dag den 24. 12. bliver en lille gruppe lokalpolitikere citeret for at ville hj\u00e6lpe. L\u00e6sebreve bakker pigen op med tilbud og gode \u00f8nsker.<\/p>\n<p>Jeg sp\u00f8rger bare mig selv. Hvorfor har pigens omgangskreds af venner, veninder, l\u00e6rere og naboer ikke for l\u00e6ngst grebet ind?<\/p>\n<p>For slet ikke tale om familien, hvis den i det hele taget har kontakt til pigen og moderen?<\/p>\n<p>Et \u00f8nske om en gl\u00e6delig jul sendes herfra til pigen og moderen!<\/p>\n","protected":false},"excerpt":{"rendered":"<p>Den lokale avis Jydske Vestkysten berettede den 23. 12. om en pige p\u00e5 17 \u00e5r, der passer sin syge mor &#8211; g\u00e5r i gymnasiet &#8211; [&#8230;]<\/p>\n","protected":false},"author":1,"featured_media":0,"comment_status":"open","ping_status":"open","sticky":false,"template":"","format":"standard","meta":{"footnotes":""},"categories":[13,20,9,10],"tags":[],"class_list":["post-5003","post","type-post","status-publish","format-standard","hentry","category-esbjerg-kommune","category-familie","category-hojtider","category-politik"],"_links":{"self":[{"href":"https:\/\/www.olejacobsen.dk\/index.php\/wp-json\/wp\/v2\/posts\/5003","targetHints":{"allow":["GET"]}}],"collection":[{"href":"https:\/\/www.olejacobsen.dk\/index.php\/wp-json\/wp\/v2\/posts"}],"about":[{"href":"https:\/\/www.olejacobsen.dk\/index.php\/wp-json\/wp\/v2\/types\/post"}],"author":[{"embeddable":true,"href":"https:\/\/www.olejacobsen.dk\/index.php\/wp-json\/wp\/v2\/users\/1"}],"replies":[{"embeddable":true,"href":"https:\/\/www.olejacobsen.dk\/index.php\/wp-json\/wp\/v2\/comments?post=5003"}],"version-history":[{"count":2,"href":"https:\/\/www.olejacobsen.dk\/index.php\/wp-json\/wp\/v2\/posts\/5003\/revisions"}],"predecessor-version":[{"id":5005,"href":"https:\/\/www.olejacobsen.dk\/index.php\/wp-json\/wp\/v2\/posts\/5003\/revisions\/5005"}],"wp:attachment":[{"href":"https:\/\/www.olejacobsen.dk\/index.php\/wp-json\/wp\/v2\/media?parent=5003"}],"wp:term":[{"taxonomy":"category","embeddable":true,"href":"https:\/\/www.olejacobsen.dk\/index.php\/wp-json\/wp\/v2\/categories?post=5003"},{"taxonomy":"post_tag","embeddable":true,"href":"https:\/\/www.olejacobsen.dk\/index.php\/wp-json\/wp\/v2\/tags?post=5003"}],"curies":[{"name":"wp","href":"https:\/\/api.w.org\/{rel}","templated":true}]}}