{"id":4474,"date":"2013-11-05T12:21:51","date_gmt":"2013-11-05T11:21:51","guid":{"rendered":"http:\/\/www.olejacobsen.dk\/?p=4474"},"modified":"2013-11-05T12:22:01","modified_gmt":"2013-11-05T11:22:01","slug":"efter-storm-kommer-brillesoen","status":"publish","type":"post","link":"https:\/\/www.olejacobsen.dk\/index.php\/2013\/11\/efter-storm-kommer-brillesoen\/","title":{"rendered":"Efter storm kommer&#8230;? Brilles\u00f8en!"},"content":{"rendered":"<p><a href=\"http:\/\/www.olejacobsen.dk\/wp-content\/uploads\/2013\/10\/SAM_0062.jpg\"><img loading=\"lazy\" decoding=\"async\" class=\"alignnone size-large wp-image-4285\" alt=\"SAM_0062\" src=\"http:\/\/www.olejacobsen.dk\/wp-content\/uploads\/2013\/10\/SAM_0062-600x450.jpg\" width=\"600\" height=\"450\" srcset=\"https:\/\/www.olejacobsen.dk\/wp-content\/uploads\/2013\/10\/SAM_0062-600x450.jpg 600w, https:\/\/www.olejacobsen.dk\/wp-content\/uploads\/2013\/10\/SAM_0062-200x150.jpg 200w\" sizes=\"auto, (max-width: 600px) 100vw, 600px\" \/><\/a><\/p>\n<p><em><strong>Brilles\u00f8en &#8211; en oase t\u00e6t p\u00e5 Gravlunden i S\u00e6dding ved Esbjerg.<\/strong><\/em><\/p>\n<p>Hvis du kommer til Esbjerg, s\u00e5 skal\/b\u00f8r du bes\u00f8ge den st\u00f8rste gravplads for allierede og tyske faldne soldater fra 1940-1945. Det g\u00f8r jeg ofte, fordi jeg bor ved siden af &#8211; n\u00e6sten! Roen, der kommer dig i m\u00f8de fra de velholdte grave er sl\u00e5ende. Oplev det selv!<\/p>\n<p>En muslimsk gravplads i den nordlige del af Gravlunden har ogs\u00e5 mange bes\u00f8gende.<\/p>\n<p>Mange fra Esbjerg Kommune ligger begravet i den \u00e5bne del af Gravlunden. Ogs\u00e5 fra min familie. Historien om oprettelsen af Gravlunden er sp\u00e6ndende at forske lidt i, men den m\u00e5 jeg gemme til en anden gang.<\/p>\n<p>Bes\u00f8ger du Gravlunden, s\u00e5 g\u00e5 turen forbi Brilles\u00f8en.<\/p>\n<p>Hvis du pudser dine briller godt, s\u00e5 kan du m\u00e5ske se, hvorfor den hedder dette specielle navn? Stien er en del af S\u00e6ddings f\u00f8rste Energisti, der blev indviet den 12. oktober.<\/p>\n<p>God tirsdag!<\/p>\n","protected":false},"excerpt":{"rendered":"<p>Brilles\u00f8en &#8211; en oase t\u00e6t p\u00e5 Gravlunden i S\u00e6dding ved Esbjerg. Hvis du kommer til Esbjerg, s\u00e5 skal\/b\u00f8r du bes\u00f8ge den st\u00f8rste gravplads for allierede [&#8230;]<\/p>\n","protected":false},"author":1,"featured_media":0,"comment_status":"open","ping_status":"open","sticky":false,"template":"","format":"standard","meta":{"footnotes":""},"categories":[22,13,20,5,18,19,21],"tags":[],"class_list":["post-4474","post","type-post","status-publish","format-standard","hentry","category-energi","category-esbjerg-kommune","category-familie","category-lokalrad","category-motion","category-natur","category-turisme"],"_links":{"self":[{"href":"https:\/\/www.olejacobsen.dk\/index.php\/wp-json\/wp\/v2\/posts\/4474","targetHints":{"allow":["GET"]}}],"collection":[{"href":"https:\/\/www.olejacobsen.dk\/index.php\/wp-json\/wp\/v2\/posts"}],"about":[{"href":"https:\/\/www.olejacobsen.dk\/index.php\/wp-json\/wp\/v2\/types\/post"}],"author":[{"embeddable":true,"href":"https:\/\/www.olejacobsen.dk\/index.php\/wp-json\/wp\/v2\/users\/1"}],"replies":[{"embeddable":true,"href":"https:\/\/www.olejacobsen.dk\/index.php\/wp-json\/wp\/v2\/comments?post=4474"}],"version-history":[{"count":1,"href":"https:\/\/www.olejacobsen.dk\/index.php\/wp-json\/wp\/v2\/posts\/4474\/revisions"}],"predecessor-version":[{"id":4475,"href":"https:\/\/www.olejacobsen.dk\/index.php\/wp-json\/wp\/v2\/posts\/4474\/revisions\/4475"}],"wp:attachment":[{"href":"https:\/\/www.olejacobsen.dk\/index.php\/wp-json\/wp\/v2\/media?parent=4474"}],"wp:term":[{"taxonomy":"category","embeddable":true,"href":"https:\/\/www.olejacobsen.dk\/index.php\/wp-json\/wp\/v2\/categories?post=4474"},{"taxonomy":"post_tag","embeddable":true,"href":"https:\/\/www.olejacobsen.dk\/index.php\/wp-json\/wp\/v2\/tags?post=4474"}],"curies":[{"name":"wp","href":"https:\/\/api.w.org\/{rel}","templated":true}]}}