{"id":4437,"date":"2013-10-24T11:41:26","date_gmt":"2013-10-24T09:41:26","guid":{"rendered":"http:\/\/www.olejacobsen.dk\/?p=4437"},"modified":"2013-10-24T11:44:23","modified_gmt":"2013-10-24T09:44:23","slug":"alt-hvad-dagen-kan-traekke","status":"publish","type":"post","link":"https:\/\/www.olejacobsen.dk\/index.php\/2013\/10\/alt-hvad-dagen-kan-traekke\/","title":{"rendered":"Alt, hvad dagen kan tr\u00e6kke&#8230;?"},"content":{"rendered":"<p><a href=\"http:\/\/www.olejacobsen.dk\/wp-content\/uploads\/2013\/10\/i_2013102208590362.jpg\"><img loading=\"lazy\" decoding=\"async\" class=\"alignnone size-large wp-image-4410\" alt=\"i_2013102208590362\" src=\"http:\/\/www.olejacobsen.dk\/wp-content\/uploads\/2013\/10\/i_2013102208590362-448x600.jpg\" width=\"448\" height=\"600\" srcset=\"https:\/\/www.olejacobsen.dk\/wp-content\/uploads\/2013\/10\/i_2013102208590362-448x600.jpg 448w, https:\/\/www.olejacobsen.dk\/wp-content\/uploads\/2013\/10\/i_2013102208590362-149x200.jpg 149w, https:\/\/www.olejacobsen.dk\/wp-content\/uploads\/2013\/10\/i_2013102208590362.jpg 1536w\" sizes=\"auto, (max-width: 448px) 100vw, 448px\" \/><\/a><\/p>\n<p><strong><em>LAG Vestjylland har v\u00e6ret\/er med i meget &#8211; ogs\u00e5 &#8220;ost&#8221;. Erhvervsudvikling i de s\u00e5kaldte udkantsomr\u00e5der.<\/em><\/strong><\/p>\n<p>Ministeriet vil gerne vide, hvad jeg mener om mine funktioner i LAG\u00b4ene, hvor jeg sad som valgt politiker. Sp\u00e6ndende, hvad folkene fra<strong> <a href=\"http:\/\/www.ramboll.dk\">Ramb\u00f8ll<\/a><\/strong> vil sp\u00f8rge mig om p\u00e5<a href=\"http:\/\/www.sydvesten.dk\/\"><strong> Restaurant Sydvesten<\/strong><\/a> over en fiskefilet?<\/p>\n<p>Senere p\u00e5 eftermiddagen er der planm\u00f8de om valgm\u00f8det i S\u00e6dding Centret den 9. november 11-12. De sidste streger skal s\u00e6ttes med lokalr\u00e5d, center og S\u00f8ren Vesterby fra TV Syd, der er ordstyrer p\u00e5 arrangementet.<\/p>\n<p>Det hele slutter med et reelt lokalr\u00e5dsm\u00f8de fyldt med en del nye og gamle udfordringer fra et omr\u00e5de i Esbjerg Kommune, der ingen\u00a0 valgt politiker har i Byr\u00e5det. Dermed har vi faktisk v\u00e6ret &#8220;uinteressante&#8221; de seneste 4 \u00e5r.<\/p>\n<p>Det \u00f8nsker vi at lave om p\u00e5.<\/p>\n<p>Partipolitisk? NEJ! <strong><a href=\"http:\/\/www.saeddinglokalraad.dk\">Lokalpolitisk for S\u00e6dding og Fovrfeld.<\/a><\/strong><\/p>\n<p><a href=\"http:\/\/www.olejacobsen.dk\/wp-content\/uploads\/2012\/04\/DR-s\u00e6dding240311b.jpg\"><img loading=\"lazy\" decoding=\"async\" class=\"alignnone size-full wp-image-958\" alt=\"DR-s\u00e6dding240311b\" src=\"http:\/\/www.olejacobsen.dk\/wp-content\/uploads\/2012\/04\/DR-s\u00e6dding240311b.jpg\" width=\"480\" height=\"360\" srcset=\"https:\/\/www.olejacobsen.dk\/wp-content\/uploads\/2012\/04\/DR-s\u00e6dding240311b.jpg 480w, https:\/\/www.olejacobsen.dk\/wp-content\/uploads\/2012\/04\/DR-s\u00e6dding240311b-300x225.jpg 300w\" sizes=\"auto, (max-width: 480px) 100vw, 480px\" \/><\/a><\/p>\n<p>Desv\u00e6rre! Ingen af de fire m\u00e6nd stiller op, men de BAKKER os op i lokalr\u00e5det \ud83d\ude09<\/p>\n<p>Som flere i det nuv\u00e6rende Byr\u00e5d i Esbjerg bliver de &#8220;siddende&#8221; uden at sige noget!<\/p>\n<p>Ingen ved, hvad de mener om noget som helst! De &#8220;er&#8221; der bare!<\/p>\n","protected":false},"excerpt":{"rendered":"<p>LAG Vestjylland har v\u00e6ret\/er med i meget &#8211; ogs\u00e5 &#8220;ost&#8221;. Erhvervsudvikling i de s\u00e5kaldte udkantsomr\u00e5der. Ministeriet vil gerne vide, hvad jeg mener om mine funktioner [&#8230;]<\/p>\n","protected":false},"author":1,"featured_media":0,"comment_status":"open","ping_status":"open","sticky":false,"template":"","format":"standard","meta":{"footnotes":""},"categories":[13,5,12,10],"tags":[],"class_list":["post-4437","post","type-post","status-publish","format-standard","hentry","category-esbjerg-kommune","category-lokalrad","category-moder","category-politik"],"_links":{"self":[{"href":"https:\/\/www.olejacobsen.dk\/index.php\/wp-json\/wp\/v2\/posts\/4437","targetHints":{"allow":["GET"]}}],"collection":[{"href":"https:\/\/www.olejacobsen.dk\/index.php\/wp-json\/wp\/v2\/posts"}],"about":[{"href":"https:\/\/www.olejacobsen.dk\/index.php\/wp-json\/wp\/v2\/types\/post"}],"author":[{"embeddable":true,"href":"https:\/\/www.olejacobsen.dk\/index.php\/wp-json\/wp\/v2\/users\/1"}],"replies":[{"embeddable":true,"href":"https:\/\/www.olejacobsen.dk\/index.php\/wp-json\/wp\/v2\/comments?post=4437"}],"version-history":[{"count":4,"href":"https:\/\/www.olejacobsen.dk\/index.php\/wp-json\/wp\/v2\/posts\/4437\/revisions"}],"predecessor-version":[{"id":4441,"href":"https:\/\/www.olejacobsen.dk\/index.php\/wp-json\/wp\/v2\/posts\/4437\/revisions\/4441"}],"wp:attachment":[{"href":"https:\/\/www.olejacobsen.dk\/index.php\/wp-json\/wp\/v2\/media?parent=4437"}],"wp:term":[{"taxonomy":"category","embeddable":true,"href":"https:\/\/www.olejacobsen.dk\/index.php\/wp-json\/wp\/v2\/categories?post=4437"},{"taxonomy":"post_tag","embeddable":true,"href":"https:\/\/www.olejacobsen.dk\/index.php\/wp-json\/wp\/v2\/tags?post=4437"}],"curies":[{"name":"wp","href":"https:\/\/api.w.org\/{rel}","templated":true}]}}