{"id":4356,"date":"2013-10-14T15:16:47","date_gmt":"2013-10-14T13:16:47","guid":{"rendered":"http:\/\/www.olejacobsen.dk\/?p=4356"},"modified":"2013-10-14T15:22:51","modified_gmt":"2013-10-14T13:22:51","slug":"udsigten-til-for-saedding-centret-fra-fyrtarnet","status":"publish","type":"post","link":"https:\/\/www.olejacobsen.dk\/index.php\/2013\/10\/udsigten-til-for-saedding-centret-fra-fyrtarnet\/","title":{"rendered":"Udsigten til \/ for S\u00e6dding Centret fra Fyrt\u00e5rnet&#8230;;?)"},"content":{"rendered":"<p><a href=\"http:\/\/www.olejacobsen.dk\/wp-content\/uploads\/2013\/10\/SAM_0097.jpg\"><img loading=\"lazy\" decoding=\"async\" class=\"alignnone size-large wp-image-4320\" alt=\"SAM_0097\" src=\"http:\/\/www.olejacobsen.dk\/wp-content\/uploads\/2013\/10\/SAM_0097-600x450.jpg\" width=\"600\" height=\"450\" srcset=\"https:\/\/www.olejacobsen.dk\/wp-content\/uploads\/2013\/10\/SAM_0097-600x450.jpg 600w, https:\/\/www.olejacobsen.dk\/wp-content\/uploads\/2013\/10\/SAM_0097-200x150.jpg 200w\" sizes=\"auto, (max-width: 600px) 100vw, 600px\" \/><\/a><\/p>\n<p>I 140 har fyrmesteren kunnet se ud p\u00e5 omr\u00e5det ned mod stranden. I mange \u00e5r l\u00e5 der en mark. S\u00e5 blev marken brugt til begravelsesplads for tusindvis af aflivede k\u00f8er <a href=\"http:\/\/www.da.wikipedia.org\/wiki\/Mund-_og_klovsyge\u200e\">fra de store mund-og -klov syge epidemier.<\/a><\/p>\n<p>S\u00e5 blev omr\u00e5det brugt som cirkusplads og byfestomr\u00e5de. Fra 1978 har der ligget et <a href=\"http:\/\/www.saeddingcentret.dk\">indk\u00f8bscenter<\/a> og en kirke bygget sammen med bibliotek\u00a0 m. m.\u00a0 Det f\u00f8rste indk\u00f8bscenter i Esbjerg. Varde fik sit Vardecenter f\u00e5 \u00e5r tidligere.<\/p>\n<p>Lige nu er udsigten til centrets fremtid noget bet\u00e6nkelig grundet fraflytning af forretninger. Hvad der skal ske ved kun nogle enkelte personer, der besidder den \u00f8konomiske ret til at bestemme. Uvis, hvad de finder frem til.<\/p>\n<p>Omr\u00e5det har meget brug for dette center. <a href=\"http:\/\/www.saeddenkirke.dk\/\">S\u00e6dding Kirke <\/a>er der ingen, der kan r\u00f8re ved, s\u00e5 vidt vides!<\/p>\n","protected":false},"excerpt":{"rendered":"<p>I 140 har fyrmesteren kunnet se ud p\u00e5 omr\u00e5det ned mod stranden. I mange \u00e5r l\u00e5 der en mark. S\u00e5 blev marken brugt til begravelsesplads [&#8230;]<\/p>\n","protected":false},"author":1,"featured_media":0,"comment_status":"open","ping_status":"open","sticky":false,"template":"","format":"standard","meta":{"footnotes":""},"categories":[13,1,5,10],"tags":[],"class_list":["post-4356","post","type-post","status-publish","format-standard","hentry","category-esbjerg-kommune","category-byggeri","category-lokalrad","category-politik"],"_links":{"self":[{"href":"https:\/\/www.olejacobsen.dk\/index.php\/wp-json\/wp\/v2\/posts\/4356","targetHints":{"allow":["GET"]}}],"collection":[{"href":"https:\/\/www.olejacobsen.dk\/index.php\/wp-json\/wp\/v2\/posts"}],"about":[{"href":"https:\/\/www.olejacobsen.dk\/index.php\/wp-json\/wp\/v2\/types\/post"}],"author":[{"embeddable":true,"href":"https:\/\/www.olejacobsen.dk\/index.php\/wp-json\/wp\/v2\/users\/1"}],"replies":[{"embeddable":true,"href":"https:\/\/www.olejacobsen.dk\/index.php\/wp-json\/wp\/v2\/comments?post=4356"}],"version-history":[{"count":5,"href":"https:\/\/www.olejacobsen.dk\/index.php\/wp-json\/wp\/v2\/posts\/4356\/revisions"}],"predecessor-version":[{"id":4361,"href":"https:\/\/www.olejacobsen.dk\/index.php\/wp-json\/wp\/v2\/posts\/4356\/revisions\/4361"}],"wp:attachment":[{"href":"https:\/\/www.olejacobsen.dk\/index.php\/wp-json\/wp\/v2\/media?parent=4356"}],"wp:term":[{"taxonomy":"category","embeddable":true,"href":"https:\/\/www.olejacobsen.dk\/index.php\/wp-json\/wp\/v2\/categories?post=4356"},{"taxonomy":"post_tag","embeddable":true,"href":"https:\/\/www.olejacobsen.dk\/index.php\/wp-json\/wp\/v2\/tags?post=4356"}],"curies":[{"name":"wp","href":"https:\/\/api.w.org\/{rel}","templated":true}]}}