{"id":4088,"date":"2013-10-03T14:30:47","date_gmt":"2013-10-03T12:30:47","guid":{"rendered":"http:\/\/www.olejacobsen.dk\/?p=4088"},"modified":"2013-10-03T14:34:38","modified_gmt":"2013-10-03T12:34:38","slug":"den-gronne-ring-omkring-saedding-adalen-og-fovrfeld","status":"publish","type":"post","link":"https:\/\/www.olejacobsen.dk\/index.php\/2013\/10\/den-gronne-ring-omkring-saedding-adalen-og-fovrfeld\/","title":{"rendered":"Den gr\u00f8nne ring omkring S\u00e6dding-\u00c5dalen og Fovrfeld"},"content":{"rendered":"<p><a href=\"http:\/\/www.olejacobsen.dk\/wp-content\/uploads\/2013\/09\/DSCN6433.jpg\"><img loading=\"lazy\" decoding=\"async\" class=\"alignnone size-large wp-image-3782\" alt=\"DSCN6433\" src=\"http:\/\/www.olejacobsen.dk\/wp-content\/uploads\/2013\/09\/DSCN6433-600x450.jpg\" width=\"600\" height=\"450\" srcset=\"https:\/\/www.olejacobsen.dk\/wp-content\/uploads\/2013\/09\/DSCN6433-600x450.jpg 600w, https:\/\/www.olejacobsen.dk\/wp-content\/uploads\/2013\/09\/DSCN6433-200x150.jpg 200w\" sizes=\"auto, (max-width: 600px) 100vw, 600px\" \/><\/a><\/p>\n<p><em>Det gamle fyrskib bruges ikke l\u00e6ngere. Nu er det museumsskib.<\/em><\/p>\n<p>Lokalr\u00e5det har egentlig brugt en masse tid p\u00e5 K\u00e6lkebakken her i S\u00e6dding.<\/p>\n<p>Vi er ikke kommet meget l\u00e6ngere med den opgave i snart fire \u00e5r. Jeg tror faktisk ikke, vi bliver taget alvorligt af de ansvarlige politikere og embedsm\u00e6nd.<\/p>\n<p>Helt anderledes ser det ud med <a href=\"http:\/\/www.saeddinglokalraad.dk\/projekter\/\">&#8220;Den gr\u00f8nne ring-projektet&#8221;<\/a>, der st\u00e5r foran sin indvielsen den 12. oktober kl. 10.30 ved S\u00e6dding Centret. Endelig en succes, der gennemf\u00f8res fra a til z.<\/p>\n<p>Selv S\u00e6dding Sigtefyr har vi f\u00e5et lov til at \u00e5bne fra 10.30-14.30, s\u00e5 alle kan komme op og nyde udsigten for en sj\u00e6lden gangs skyld.<\/p>\n<p>Tak til S\u00f8fartsstyrelsen for tilladelsen til at \u00e5bne det gamle fyrt\u00e5rn, der stadig er i fuld brug d\u00f8gnet rundt selv i disse IT-tider med <a href=\"http:\/\/www.rummet.dk \">satellitter <\/a>36 000 kilometer oppe i rummet!<\/p>\n","protected":false},"excerpt":{"rendered":"<p>Det gamle fyrskib bruges ikke l\u00e6ngere. Nu er det museumsskib. Lokalr\u00e5det har egentlig brugt en masse tid p\u00e5 K\u00e6lkebakken her i S\u00e6dding. Vi er ikke [&#8230;]<\/p>\n","protected":false},"author":1,"featured_media":0,"comment_status":"open","ping_status":"open","sticky":false,"template":"","format":"standard","meta":{"footnotes":""},"categories":[13,5,10,21],"tags":[],"class_list":["post-4088","post","type-post","status-publish","format-standard","hentry","category-esbjerg-kommune","category-lokalrad","category-politik","category-turisme"],"_links":{"self":[{"href":"https:\/\/www.olejacobsen.dk\/index.php\/wp-json\/wp\/v2\/posts\/4088","targetHints":{"allow":["GET"]}}],"collection":[{"href":"https:\/\/www.olejacobsen.dk\/index.php\/wp-json\/wp\/v2\/posts"}],"about":[{"href":"https:\/\/www.olejacobsen.dk\/index.php\/wp-json\/wp\/v2\/types\/post"}],"author":[{"embeddable":true,"href":"https:\/\/www.olejacobsen.dk\/index.php\/wp-json\/wp\/v2\/users\/1"}],"replies":[{"embeddable":true,"href":"https:\/\/www.olejacobsen.dk\/index.php\/wp-json\/wp\/v2\/comments?post=4088"}],"version-history":[{"count":5,"href":"https:\/\/www.olejacobsen.dk\/index.php\/wp-json\/wp\/v2\/posts\/4088\/revisions"}],"predecessor-version":[{"id":4094,"href":"https:\/\/www.olejacobsen.dk\/index.php\/wp-json\/wp\/v2\/posts\/4088\/revisions\/4094"}],"wp:attachment":[{"href":"https:\/\/www.olejacobsen.dk\/index.php\/wp-json\/wp\/v2\/media?parent=4088"}],"wp:term":[{"taxonomy":"category","embeddable":true,"href":"https:\/\/www.olejacobsen.dk\/index.php\/wp-json\/wp\/v2\/categories?post=4088"},{"taxonomy":"post_tag","embeddable":true,"href":"https:\/\/www.olejacobsen.dk\/index.php\/wp-json\/wp\/v2\/tags?post=4088"}],"curies":[{"name":"wp","href":"https:\/\/api.w.org\/{rel}","templated":true}]}}