{"id":4035,"date":"2013-09-29T17:12:12","date_gmt":"2013-09-29T15:12:12","guid":{"rendered":"http:\/\/www.olejacobsen.dk\/?p=4035"},"modified":"2013-09-29T17:23:58","modified_gmt":"2013-09-29T15:23:58","slug":"aalborg-er-altid-et-efterskole-besog-vaerd-prov-det","status":"publish","type":"post","link":"https:\/\/www.olejacobsen.dk\/index.php\/2013\/09\/aalborg-er-altid-et-efterskole-besog-vaerd-prov-det\/","title":{"rendered":"Aalborg er altid et (efterskole-)bes\u00f8g v\u00e6rd. Pr\u00f8v det!"},"content":{"rendered":"<p><a href=\"http:\/\/www.olejacobsen.dk\/wp-content\/uploads\/2013\/09\/DSCN6902.jpg\"><img loading=\"lazy\" decoding=\"async\" class=\" wp-image-4047 alignleft\" alt=\"DSCN6902\" src=\"http:\/\/www.olejacobsen.dk\/wp-content\/uploads\/2013\/09\/DSCN6902-600x450.jpg\" width=\"216\" height=\"162\" srcset=\"https:\/\/www.olejacobsen.dk\/wp-content\/uploads\/2013\/09\/DSCN6902-600x450.jpg 600w, https:\/\/www.olejacobsen.dk\/wp-content\/uploads\/2013\/09\/DSCN6902-200x150.jpg 200w\" sizes=\"auto, (max-width: 216px) 100vw, 216px\" \/><\/a><\/p>\n<p><a href=\"http:\/\/www.olejacobsen.dk\/wp-content\/uploads\/2013\/09\/DSCN6901.jpg\"><img loading=\"lazy\" decoding=\"async\" class=\"alignnone  wp-image-4046\" alt=\"DSCN6901\" src=\"http:\/\/www.olejacobsen.dk\/wp-content\/uploads\/2013\/09\/DSCN6901-600x450.jpg\" width=\"216\" height=\"162\" srcset=\"https:\/\/www.olejacobsen.dk\/wp-content\/uploads\/2013\/09\/DSCN6901-600x450.jpg 600w, https:\/\/www.olejacobsen.dk\/wp-content\/uploads\/2013\/09\/DSCN6901-200x150.jpg 200w\" sizes=\"auto, (max-width: 216px) 100vw, 216px\" \/><\/a><a href=\"http:\/\/www.olejacobsen.dk\/wp-content\/uploads\/2013\/09\/DSCN6903.jpg\"><img loading=\"lazy\" decoding=\"async\" class=\"alignnone  wp-image-4048\" alt=\"DSCN6903\" src=\"http:\/\/www.olejacobsen.dk\/wp-content\/uploads\/2013\/09\/DSCN6903-600x450.jpg\" width=\"216\" height=\"162\" srcset=\"https:\/\/www.olejacobsen.dk\/wp-content\/uploads\/2013\/09\/DSCN6903-600x450.jpg 600w, https:\/\/www.olejacobsen.dk\/wp-content\/uploads\/2013\/09\/DSCN6903-200x150.jpg 200w\" sizes=\"auto, (max-width: 216px) 100vw, 216px\" \/><\/a><a href=\"http:\/\/www.olejacobsen.dk\/wp-content\/uploads\/2013\/09\/DSCN6904.jpg\"><img loading=\"lazy\" decoding=\"async\" class=\"alignnone  wp-image-4049\" alt=\"DSCN6904\" src=\"http:\/\/www.olejacobsen.dk\/wp-content\/uploads\/2013\/09\/DSCN6904-600x450.jpg\" width=\"216\" height=\"162\" srcset=\"https:\/\/www.olejacobsen.dk\/wp-content\/uploads\/2013\/09\/DSCN6904-600x450.jpg 600w, https:\/\/www.olejacobsen.dk\/wp-content\/uploads\/2013\/09\/DSCN6904-200x150.jpg 200w\" sizes=\"auto, (max-width: 216px) 100vw, 216px\" \/><\/a><a href=\"http:\/\/www.olejacobsen.dk\/wp-content\/uploads\/2013\/09\/DSCN6906.jpg\"><img loading=\"lazy\" decoding=\"async\" class=\"alignnone  wp-image-4051\" alt=\"DSCN6906\" src=\"http:\/\/www.olejacobsen.dk\/wp-content\/uploads\/2013\/09\/DSCN6906-600x450.jpg\" width=\"216\" height=\"162\" srcset=\"https:\/\/www.olejacobsen.dk\/wp-content\/uploads\/2013\/09\/DSCN6906-600x450.jpg 600w, https:\/\/www.olejacobsen.dk\/wp-content\/uploads\/2013\/09\/DSCN6906-200x150.jpg 200w\" sizes=\"auto, (max-width: 216px) 100vw, 216px\" \/><\/a><a href=\"http:\/\/www.olejacobsen.dk\/wp-content\/uploads\/2013\/09\/DSCN6905.jpg\"><img loading=\"lazy\" decoding=\"async\" class=\"alignnone  wp-image-4050\" alt=\"DSCN6905\" src=\"http:\/\/www.olejacobsen.dk\/wp-content\/uploads\/2013\/09\/DSCN6905-600x450.jpg\" width=\"216\" height=\"162\" srcset=\"https:\/\/www.olejacobsen.dk\/wp-content\/uploads\/2013\/09\/DSCN6905-600x450.jpg 600w, https:\/\/www.olejacobsen.dk\/wp-content\/uploads\/2013\/09\/DSCN6905-200x150.jpg 200w\" sizes=\"auto, (max-width: 216px) 100vw, 216px\" \/><\/a><\/p>\n<p><em>Efterskolernes Dag i Aalborg &#8211; tirsdag den 24. september 2013.<\/em><\/p>\n<p>Er der skoleelever derude, som \u00f8nsker at komme p\u00e5 efterskole, s\u00e5 er muligheden der lige nu, hvis man finder en landet ballon med en indmeldelsesblanket. Jeg n\u00f8d bare dette skue med de flotte balloner.<\/p>\n<p>Hvem der bare kunne tage p\u00e5 efterskole n\u00e6ste skole\u00e5r? Et fantastisk alternativ til en Folkeskole ramt af ny lovgivning og besparelse p\u00e5 samme tid.<\/p>\n<p>Stakkels kolleger, der skal l\u00e6gge ryg til dette!<\/p>\n<p>&nbsp;<\/p>\n","protected":false},"excerpt":{"rendered":"<p>Efterskolernes Dag i Aalborg &#8211; tirsdag den 24. september 2013. Er der skoleelever derude, som \u00f8nsker at komme p\u00e5 efterskole, s\u00e5 er muligheden der lige [&#8230;]<\/p>\n","protected":false},"author":1,"featured_media":0,"comment_status":"open","ping_status":"open","sticky":false,"template":"","format":"standard","meta":{"footnotes":""},"categories":[16,10,4],"tags":[],"class_list":["post-4035","post","type-post","status-publish","format-standard","hentry","category-kreativitet","category-politik","category-skole"],"_links":{"self":[{"href":"https:\/\/www.olejacobsen.dk\/index.php\/wp-json\/wp\/v2\/posts\/4035","targetHints":{"allow":["GET"]}}],"collection":[{"href":"https:\/\/www.olejacobsen.dk\/index.php\/wp-json\/wp\/v2\/posts"}],"about":[{"href":"https:\/\/www.olejacobsen.dk\/index.php\/wp-json\/wp\/v2\/types\/post"}],"author":[{"embeddable":true,"href":"https:\/\/www.olejacobsen.dk\/index.php\/wp-json\/wp\/v2\/users\/1"}],"replies":[{"embeddable":true,"href":"https:\/\/www.olejacobsen.dk\/index.php\/wp-json\/wp\/v2\/comments?post=4035"}],"version-history":[{"count":4,"href":"https:\/\/www.olejacobsen.dk\/index.php\/wp-json\/wp\/v2\/posts\/4035\/revisions"}],"predecessor-version":[{"id":4064,"href":"https:\/\/www.olejacobsen.dk\/index.php\/wp-json\/wp\/v2\/posts\/4035\/revisions\/4064"}],"wp:attachment":[{"href":"https:\/\/www.olejacobsen.dk\/index.php\/wp-json\/wp\/v2\/media?parent=4035"}],"wp:term":[{"taxonomy":"category","embeddable":true,"href":"https:\/\/www.olejacobsen.dk\/index.php\/wp-json\/wp\/v2\/categories?post=4035"},{"taxonomy":"post_tag","embeddable":true,"href":"https:\/\/www.olejacobsen.dk\/index.php\/wp-json\/wp\/v2\/tags?post=4035"}],"curies":[{"name":"wp","href":"https:\/\/api.w.org\/{rel}","templated":true}]}}