{"id":3527,"date":"2013-08-20T20:18:49","date_gmt":"2013-08-20T18:18:49","guid":{"rendered":"http:\/\/www.olejacobsen.dk\/?p=3527"},"modified":"2013-08-20T20:19:00","modified_gmt":"2013-08-20T18:19:00","slug":"fodselsdagskage-til-den-lille-havfrue-der-bliver-100-ar","status":"publish","type":"post","link":"https:\/\/www.olejacobsen.dk\/index.php\/2013\/08\/fodselsdagskage-til-den-lille-havfrue-der-bliver-100-ar\/","title":{"rendered":"F\u00f8dselsdagskage til Den Lille Havfrue, der bliver 100 \u00e5r!"},"content":{"rendered":"<p><a href=\"http:\/\/www.olejacobsen.dk\/wp-content\/uploads\/2012\/09\/DSCN5386.jpg\"><img loading=\"lazy\" decoding=\"async\" class=\"alignnone size-large wp-image-2127\" alt=\"DSCN5386\" src=\"http:\/\/www.olejacobsen.dk\/wp-content\/uploads\/2012\/09\/DSCN5386-1024x768.jpg\" width=\"600\" height=\"450\" srcset=\"https:\/\/www.olejacobsen.dk\/wp-content\/uploads\/2012\/09\/DSCN5386-1024x768.jpg 1024w, https:\/\/www.olejacobsen.dk\/wp-content\/uploads\/2012\/09\/DSCN5386-300x225.jpg 300w\" sizes=\"auto, (max-width: 600px) 100vw, 600px\" \/><\/a><\/p>\n<p>Den store bagedyst starter i aften p\u00e5 DR 1.<\/p>\n<p>Fantastisk dag med tur i det s\u00f8nderjyske: R\u00f8m\u00f8-Ballum-T\u00f8nder. Billeder vil f\u00f8lge i den kommende tid. Vejret var med os hele vejen. T\u00f8nder st\u00e5r p\u00e5 den anden ende kort tid f\u00f8r T\u00f8nder Festival 2013. Vi m\u00e6rkede suset i g\u00e5gaden.<\/p>\n<p>Herhjemme er Sydenergi i fuld gang med at grave ud til fibernettet. Om tre-fire uger er vi p\u00e5!<\/p>\n<p>Den Lille Havfrue fylder 100 \u00e5r. Tillykke med dagen til hende og dejligt, at hun endnu ikke er blevet tvunget til at sidde med sl\u00f8r af de s\u00e5kaldte politiske korrekte og deres medl\u00f8bere. Det bliver sikkert et af de n\u00e6ste satsningsomr\u00e5der p\u00e5 den dagsorden, der bringer Danmark endnu l\u00e6ngere ud p\u00e5 planken?<\/p>\n<p>Den stor bagedyst? Hvor l\u00e6nge f\u00e5r vi lov til at se kvinder og m\u00e6nd konkurrere om KAGEBAGNING, n\u00e5r &#8220;frikadeller&#8221; har sat sommerens dagsorden i daginstitutionerne?<\/p>\n<p>Jo! Jeg er bekymret!<\/p>\n<p>&nbsp;<\/p>\n","protected":false},"excerpt":{"rendered":"<p>Den store bagedyst starter i aften p\u00e5 DR 1. Fantastisk dag med tur i det s\u00f8nderjyske: R\u00f8m\u00f8-Ballum-T\u00f8nder. Billeder vil f\u00f8lge i den kommende tid. Vejret [&#8230;]<\/p>\n","protected":false},"author":1,"featured_media":0,"comment_status":"open","ping_status":"open","sticky":false,"template":"","format":"standard","meta":{"footnotes":""},"categories":[16,17,3,10],"tags":[],"class_list":["post-3527","post","type-post","status-publish","format-standard","hentry","category-kreativitet","category-mad","category-medier","category-politik"],"_links":{"self":[{"href":"https:\/\/www.olejacobsen.dk\/index.php\/wp-json\/wp\/v2\/posts\/3527","targetHints":{"allow":["GET"]}}],"collection":[{"href":"https:\/\/www.olejacobsen.dk\/index.php\/wp-json\/wp\/v2\/posts"}],"about":[{"href":"https:\/\/www.olejacobsen.dk\/index.php\/wp-json\/wp\/v2\/types\/post"}],"author":[{"embeddable":true,"href":"https:\/\/www.olejacobsen.dk\/index.php\/wp-json\/wp\/v2\/users\/1"}],"replies":[{"embeddable":true,"href":"https:\/\/www.olejacobsen.dk\/index.php\/wp-json\/wp\/v2\/comments?post=3527"}],"version-history":[{"count":3,"href":"https:\/\/www.olejacobsen.dk\/index.php\/wp-json\/wp\/v2\/posts\/3527\/revisions"}],"predecessor-version":[{"id":3530,"href":"https:\/\/www.olejacobsen.dk\/index.php\/wp-json\/wp\/v2\/posts\/3527\/revisions\/3530"}],"wp:attachment":[{"href":"https:\/\/www.olejacobsen.dk\/index.php\/wp-json\/wp\/v2\/media?parent=3527"}],"wp:term":[{"taxonomy":"category","embeddable":true,"href":"https:\/\/www.olejacobsen.dk\/index.php\/wp-json\/wp\/v2\/categories?post=3527"},{"taxonomy":"post_tag","embeddable":true,"href":"https:\/\/www.olejacobsen.dk\/index.php\/wp-json\/wp\/v2\/tags?post=3527"}],"curies":[{"name":"wp","href":"https:\/\/api.w.org\/{rel}","templated":true}]}}