{"id":3432,"date":"2013-08-08T11:33:28","date_gmt":"2013-08-08T09:33:28","guid":{"rendered":"http:\/\/www.olejacobsen.dk\/?p=3432"},"modified":"2013-08-08T11:33:34","modified_gmt":"2013-08-08T09:33:34","slug":"hoj-sol-og-tungt-skydaekke-pa-tvaers-af-jylland","status":"publish","type":"post","link":"https:\/\/www.olejacobsen.dk\/index.php\/2013\/08\/hoj-sol-og-tungt-skydaekke-pa-tvaers-af-jylland\/","title":{"rendered":"H\u00f8j sol og tungt skyd\u00e6kke p\u00e5 tv\u00e6rs af Jylland."},"content":{"rendered":"<figure id=\"attachment_2833\" aria-describedby=\"caption-attachment-2833\" style=\"width: 600px\" class=\"wp-caption alignnone\"><a href=\"http:\/\/www.olejacobsen.dk\/wp-content\/uploads\/2013\/02\/2013-01-15-17.10.44.jpg\"><img loading=\"lazy\" decoding=\"async\" class=\"size-large wp-image-2833\" alt=\"T\u00e6nk at kunne se, hvad der sker bag en selv?\" src=\"http:\/\/www.olejacobsen.dk\/wp-content\/uploads\/2013\/02\/2013-01-15-17.10.44-1024x679.jpg\" width=\"600\" height=\"397\" srcset=\"https:\/\/www.olejacobsen.dk\/wp-content\/uploads\/2013\/02\/2013-01-15-17.10.44-1024x679.jpg 1024w, https:\/\/www.olejacobsen.dk\/wp-content\/uploads\/2013\/02\/2013-01-15-17.10.44-300x199.jpg 300w, https:\/\/www.olejacobsen.dk\/wp-content\/uploads\/2013\/02\/2013-01-15-17.10.44.jpg 1106w\" sizes=\"auto, (max-width: 600px) 100vw, 600px\" \/><\/a><figcaption id=\"caption-attachment-2833\" class=\"wp-caption-text\">H\u00f8j sol i Vejle og tungt skyd\u00e6kke over Esbjerg. Hvad sker der?<\/figcaption><\/figure>\n<p>Onsdagens m\u00f8de i Vejle i CKHM p\u00e5 Vestre Engvej satte immunforsvaret p\u00e5 en pr\u00f8ve. H\u00f8j sol og lummervarme i Vejle hele formiddagen og langt ind p\u00e5 eftermiddagen, medens hjemkomsten til Esbjerg var det s\u00e6dvanlige gensyn med havgus og tungt skyd\u00e6kke, som en hilsen fra Nords\u00f8en\/Vesterhavet!<\/p>\n<p>Regn hele natten til torsdag, s\u00e5 nu begynder haven at \u00e6ndre farver igen. M\u00e6lkeb\u00f8tterne har sendt n\u00f8dsignaler op for at f\u00e5 vand til r\u00f8dderne!<\/p>\n<p>Aftenens fiskeret. KULLER! Som om jeg ikke er kulret nok i forvejen over vejrskiftet?<\/p>\n<p>&nbsp;<\/p>\n<p>&nbsp;<\/p>\n<p>&nbsp;<\/p>\n<p>&nbsp;<\/p>\n","protected":false},"excerpt":{"rendered":"<p>Onsdagens m\u00f8de i Vejle i CKHM p\u00e5 Vestre Engvej satte immunforsvaret p\u00e5 en pr\u00f8ve. H\u00f8j sol og lummervarme i Vejle hele formiddagen og langt ind [&#8230;]<\/p>\n","protected":false},"author":1,"featured_media":0,"comment_status":"open","ping_status":"open","sticky":false,"template":"","format":"standard","meta":{"footnotes":""},"categories":[1,10],"tags":[],"class_list":["post-3432","post","type-post","status-publish","format-standard","hentry","category-byggeri","category-politik"],"_links":{"self":[{"href":"https:\/\/www.olejacobsen.dk\/index.php\/wp-json\/wp\/v2\/posts\/3432","targetHints":{"allow":["GET"]}}],"collection":[{"href":"https:\/\/www.olejacobsen.dk\/index.php\/wp-json\/wp\/v2\/posts"}],"about":[{"href":"https:\/\/www.olejacobsen.dk\/index.php\/wp-json\/wp\/v2\/types\/post"}],"author":[{"embeddable":true,"href":"https:\/\/www.olejacobsen.dk\/index.php\/wp-json\/wp\/v2\/users\/1"}],"replies":[{"embeddable":true,"href":"https:\/\/www.olejacobsen.dk\/index.php\/wp-json\/wp\/v2\/comments?post=3432"}],"version-history":[{"count":2,"href":"https:\/\/www.olejacobsen.dk\/index.php\/wp-json\/wp\/v2\/posts\/3432\/revisions"}],"predecessor-version":[{"id":3436,"href":"https:\/\/www.olejacobsen.dk\/index.php\/wp-json\/wp\/v2\/posts\/3432\/revisions\/3436"}],"wp:attachment":[{"href":"https:\/\/www.olejacobsen.dk\/index.php\/wp-json\/wp\/v2\/media?parent=3432"}],"wp:term":[{"taxonomy":"category","embeddable":true,"href":"https:\/\/www.olejacobsen.dk\/index.php\/wp-json\/wp\/v2\/categories?post=3432"},{"taxonomy":"post_tag","embeddable":true,"href":"https:\/\/www.olejacobsen.dk\/index.php\/wp-json\/wp\/v2\/tags?post=3432"}],"curies":[{"name":"wp","href":"https:\/\/api.w.org\/{rel}","templated":true}]}}