{"id":3091,"date":"2013-04-25T10:59:58","date_gmt":"2013-04-25T10:59:58","guid":{"rendered":"http:\/\/www.olejacobsen.dk\/test2010\/?p=3091"},"modified":"2013-04-25T11:07:08","modified_gmt":"2013-04-25T11:07:08","slug":"kultur-i-vest-bare-bedst","status":"publish","type":"post","link":"https:\/\/www.olejacobsen.dk\/index.php\/2013\/04\/kultur-i-vest-bare-bedst\/","title":{"rendered":"Kultur i vest&#8230;bare bedst?"},"content":{"rendered":"<figure id=\"attachment_2417\" aria-describedby=\"caption-attachment-2417\" style=\"width: 450px\" class=\"wp-caption alignnone\"><a href=\"http:\/\/www.olejacobsen.dk\/test2010\/index.php\/2012\/12\/mangel-pa-kloge-hoveder\/dscn5602\/\" rel=\"attachment wp-att-2417\"><img loading=\"lazy\" decoding=\"async\" class=\"size-large wp-image-2417\" alt=\"Her i Region Sydanmark mangler vi kloge hoveder!\" src=\"http:\/\/www.olejacobsen.dk\/test2010\/wp-content\/uploads\/2012\/11\/DSCN5602-e1352900106108-768x1024.jpg\" width=\"450\" height=\"600\" srcset=\"https:\/\/www.olejacobsen.dk\/wp-content\/uploads\/2012\/11\/DSCN5602-e1352900106108-768x1024.jpg 768w, https:\/\/www.olejacobsen.dk\/wp-content\/uploads\/2012\/11\/DSCN5602-e1352900106108-225x300.jpg 225w\" sizes=\"auto, (max-width: 450px) 100vw, 450px\" \/><\/a><figcaption id=\"caption-attachment-2417\" class=\"wp-caption-text\">I Esbjerg Kommune l\u00f8ber vi ikke hovedet mod en v\u00e6g p\u00e5 kulturomr\u00e5det! Vel?<\/figcaption><\/figure>\n<p>Knud Jager Andersen fra Kulturudvalget med band<a href=\"http:\/\/www.olejacobsen.dk\/test2010\/index.php\/2013\/04\/kultur-i-vest-bare-bedst\/img_0736\/\" rel=\"attachment wp-att-3093\"><img loading=\"lazy\" decoding=\"async\" class=\"alignnone size-large wp-image-3093\" alt=\"IMG_0736\" src=\"http:\/\/www.olejacobsen.dk\/test2010\/wp-content\/uploads\/2013\/04\/IMG_0736-e1366887266511-448x600.jpg\" width=\"448\" height=\"600\" srcset=\"https:\/\/www.olejacobsen.dk\/wp-content\/uploads\/2013\/04\/IMG_0736-e1366887266511-448x600.jpg 448w, https:\/\/www.olejacobsen.dk\/wp-content\/uploads\/2013\/04\/IMG_0736-e1366887266511-149x200.jpg 149w, https:\/\/www.olejacobsen.dk\/wp-content\/uploads\/2013\/04\/IMG_0736-e1366887266511.jpg 1936w\" sizes=\"auto, (max-width: 448px) 100vw, 448px\" \/><\/a><\/p>\n<p>Har netop bestilt en rejse engang i den m\u00f8rke tid, hvor alt er koldt og regnen rusker ned &#8211; is\u00e6r her ved Ho Bugt. Dejligt at have dette at gl\u00e6de sig til oven i for\u00e5rsfornemmelserne kort f\u00f8r Bededag.<\/p>\n<p>I dag er der pr\u00e6sentation af Esbjerg Kommunes nye kulturpolitik. Det bliver interessant at se det samlede projekt, som du allerede nu kan se p\u00e5 en app, der hedder: &#8220;Kulturpolitik for Esbjerg Kommune&#8221;. Flot arbejde p\u00e5 nettet\/p\u00e5 papiret.<\/p>\n<p>Lad os nu se implementeringen i den store kommune, der er s\u00e5 forskellig p\u00e5 alle omr\u00e5der bortset fra f\u00e6llesn\u00e6vneren: Vestjysk!<\/p>\n<p>Fodbolden topper p\u00e5 TV i \u00f8jeblikket. Hvad sker der? Utrolige kampe! Mon det forts\u00e6tter i aften i Dortmund?<\/p>\n<p>Haven er begyndt at r\u00e5be p\u00e5 mig. Jeg er n\u00f8dt til at benytte h\u00f8rev\u00e6rn, n\u00e5r jeg bev\u00e6ger mig udenfor!<\/p>\n<p>Allerede middag!<\/p>\n<p>Tiden l\u00f8ber\/k\u00f8rer\/flyder, n\u00e5r morgenstarten er cykling i Guldager! I dag &#8220;kun&#8221; 14 kilometer.<\/p>\n","protected":false},"excerpt":{"rendered":"<p>Knud Jager Andersen fra Kulturudvalget med band Har netop bestilt en rejse engang i den m\u00f8rke tid, hvor alt er koldt og regnen rusker ned [&#8230;]<\/p>\n","protected":false},"author":1,"featured_media":0,"comment_status":"open","ping_status":"open","sticky":false,"template":"","format":"standard","meta":{"footnotes":""},"categories":[1,10],"tags":[],"class_list":["post-3091","post","type-post","status-publish","format-standard","hentry","category-byggeri","category-politik"],"_links":{"self":[{"href":"https:\/\/www.olejacobsen.dk\/index.php\/wp-json\/wp\/v2\/posts\/3091","targetHints":{"allow":["GET"]}}],"collection":[{"href":"https:\/\/www.olejacobsen.dk\/index.php\/wp-json\/wp\/v2\/posts"}],"about":[{"href":"https:\/\/www.olejacobsen.dk\/index.php\/wp-json\/wp\/v2\/types\/post"}],"author":[{"embeddable":true,"href":"https:\/\/www.olejacobsen.dk\/index.php\/wp-json\/wp\/v2\/users\/1"}],"replies":[{"embeddable":true,"href":"https:\/\/www.olejacobsen.dk\/index.php\/wp-json\/wp\/v2\/comments?post=3091"}],"version-history":[{"count":9,"href":"https:\/\/www.olejacobsen.dk\/index.php\/wp-json\/wp\/v2\/posts\/3091\/revisions"}],"predecessor-version":[{"id":3102,"href":"https:\/\/www.olejacobsen.dk\/index.php\/wp-json\/wp\/v2\/posts\/3091\/revisions\/3102"}],"wp:attachment":[{"href":"https:\/\/www.olejacobsen.dk\/index.php\/wp-json\/wp\/v2\/media?parent=3091"}],"wp:term":[{"taxonomy":"category","embeddable":true,"href":"https:\/\/www.olejacobsen.dk\/index.php\/wp-json\/wp\/v2\/categories?post=3091"},{"taxonomy":"post_tag","embeddable":true,"href":"https:\/\/www.olejacobsen.dk\/index.php\/wp-json\/wp\/v2\/tags?post=3091"}],"curies":[{"name":"wp","href":"https:\/\/api.w.org\/{rel}","templated":true}]}}